{"id":6596,"date":"2025-10-01T14:37:30","date_gmt":"2025-10-01T11:37:30","guid":{"rendered":"https:\/\/valga.ee\/?p=6596"},"modified":"2026-03-12T11:42:26","modified_gmt":"2026-03-12T09:42:26","slug":"noorte-heaoluspetsialist-05-tookohta","status":"publish","type":"post","link":"https:\/\/valga.ee\/en\/noorte-heaoluspetsialist-05-tookohta\/","title":{"rendered":"Youth Welfare Officer (0,5 posts)"},"content":{"rendered":"<p><strong>Valga municipality<\/strong> invites you to join its team for a fixed-term contract in the social work service to contribute to the. <strong>the Youth Guarantee Support System (NGTS)<\/strong> implementation in Valga municipality.<\/p>\n\n\n\n<div style=\"height:23px\" aria-hidden=\"true\" class=\"wp-block-spacer\"><\/div>\n\n\n\n<h6 class=\"wp-block-heading\">Your role is..<\/h6>\n\n\n\n<p>..as a youth wellbeing specialist, be a key player in connecting young people, families and service providers, providing comprehensive support and developing cross-sectoral cooperation.<\/p>\n\n\n\n<div style=\"height:30px\" aria-hidden=\"true\" class=\"wp-block-spacer\"><\/div>\n\n\n\n<h6 class=\"wp-block-heading\"><span class=\"wp-rich-text-font-awesome-icon wp-font-awesome-icon\"><svg aria-hidden=\"true\" focusable=\"false\" data-prefix=\"fas\" data-icon=\"handshake\" class=\"svg-inline--fa fa-handshake\" role=\"img\" xmlns=\"http:\/\/www.w3.org\/2000\/svg\" viewbox=\"0 0 640 512\"><path fill=\"currentColor\" d=\"M323.4 85.2l-96.8 78.4c-16.1 13-19.2 36.4-7 53.1c12.9 17.8 38 21.3 55.3 7.8l99.3-77.2c7-5.4 17-4.2 22.5 2.8s4.2 17-2.8 22.5l-20.9 16.2L512 316.8 512 128l-.7 0-3.9-2.5L434.8 79c-15.3-9.8-33.2-15-51.4-15c-21.8 0-43 7.5-60 21.2zm22.8 124.4l-51.7 40.2C263 274.4 217.3 268 193.7 235.6c-22.2-30.5-16.6-73.1 12.7-96.8l83.2-67.3c-11.6-4.9-24.1-7.4-36.8-7.4C234 64 215.7 69.6 200 80l-72 48 0 224 28.2 0 91.4 83.4c19.6 17.9 49.9 16.5 67.8-3.1c5.5-6.1 9.2-13.2 11.1-20.6l17 15.6c19.5 17.9 49.9 16.6 67.8-2.9c4.5-4.9 7.8-10.6 9.9-16.5c19.4 13 45.8 10.3 62.1-7.5c17.9-19.5 16.6-49.9-2.9-67.8l-134.2-123zM16 128c-8.8 0-16 7.2-16 16L0 352c0 17.7 14.3 32 32 32l32 0c17.7 0 32-14.3 32-32l0-224-80 0zM48 320a16 16 0 1 1 0 32 16 16 0 1 1 0-32zM544 128l0 224c0 17.7 14.3 32 32 32l32 0c17.7 0 32-14.3 32-32l0-208c0-8.8-7.2-16-16-16l-80 0zm32 208a16 16 0 1 1 32 0 16 16 0 1 1 -32 0z\"><\/path><\/svg><\/span>Your main tasks will be:<\/h6>\n\n\n\n<ul class=\"wp-block-list is-style-checkmark-list\">\n<li>Implementation of NGTS case management and cross-sectoral cooperation models;<\/li>\n\n\n\n<li>Assessing the needs of children and young people;<\/li>\n\n\n\n<li>Counselling young people and families, referring them to services and engaging support providers;<\/li>\n\n\n\n<li>Cooperation with education, youth, social, medical and employment services;<\/li>\n\n\n\n<li>Planning and implementing prevention and information activities;<\/li>\n\n\n\n<li>Organising information days and training;<\/li>\n\n\n\n<li>Documentation of results in the Social Services Register (STAR);<\/li>\n\n\n\n<li>Improving the network case management model.<\/li>\n<\/ul>\n\n\n\n<div style=\"height:32px\" aria-hidden=\"true\" class=\"wp-block-spacer\"><\/div>\n\n\n\n<h6 class=\"wp-block-heading\"><span class=\"wp-rich-text-font-awesome-icon wp-font-awesome-icon\"><svg aria-hidden=\"true\" focusable=\"false\" data-prefix=\"fas\" data-icon=\"star\" class=\"svg-inline--fa fa-star\" role=\"img\" xmlns=\"http:\/\/www.w3.org\/2000\/svg\" viewbox=\"0 0 576 512\"><path fill=\"currentColor\" d=\"M316.9 18C311.6 7 300.4 0 288.1 0s-23.4 7-28.8 18L195 150.3 51.4 171.5c-12 1.8-22 10.2-25.7 21.7s-.7 24.2 7.9 32.7L137.8 329 113.2 474.7c-2 12 3 24.2 12.9 31.3s23 8 33.8 2.3l128.3-68.5 128.3 68.5c10.8 5.7 23.9 4.9 33.8-2.3s14.9-19.3 12.9-31.3L438.5 329 542.7 225.9c8.6-8.5 11.7-21.2 7.9-32.7s-13.7-19.9-25.7-21.7L381.2 150.3 316.9 18z\"><\/path><\/svg><\/span>We expect you to:<\/h6>\n\n\n\n<ul class=\"wp-block-list is-style-checkmark-list\">\n<li>Higher education (may be in progress);<\/li>\n\n\n\n<li>Years of experience working with young people;<\/li>\n\n\n\n<li>Knowledge of social and labour legislation;<\/li>\n\n\n\n<li>Computer literacy at the level of a standard user;<\/li>\n\n\n\n<li>Knowledge of youth communication channels;<\/li>\n\n\n\n<li>Fluency in Russian at communication level;<\/li>\n\n\n\n<li>Good communication and listening skills, empathy and a sense of duty;<\/li>\n\n\n\n<li>Compliance with the applicable requirements for the processing of personal data.<\/li>\n<\/ul>\n\n\n\n<h6 class=\"wp-block-heading\"><span class=\"wp-rich-text-font-awesome-icon wp-font-awesome-icon\"><svg aria-hidden=\"true\" focusable=\"false\" data-prefix=\"fas\" data-icon=\"heart\" class=\"svg-inline--fa fa-heart\" role=\"img\" xmlns=\"http:\/\/www.w3.org\/2000\/svg\" viewbox=\"0 0 512 512\"><path fill=\"currentColor\" d=\"M47.6 300.4L228.3 469.1c7.5 7 17.4 10.9 27.7 10.9s20.2-3.9 27.7-10.9L464.4 300.4c30.4-28.3 47.6-68 47.6-109.5v-5.8c0-69.9-50.5-129.5-119.4-141C347 36.5 300.6 51.4 268 84L256 96 244 84c-32.6-32.6-79-47.5-124.6-39.9C50.5 55.6 0 115.2 0 185.1v5.8c0 41.5 17.2 81.2 47.6 109.5z\"><\/path><\/svg><\/span>We offer you:<\/h6>\n\n\n\n<ul class=\"wp-block-list is-style-checkmark-list\">\n<li>Working environment in the Social Work Service building, Kungla 12, Valga;<\/li>\n\n\n\n<li>Flexible working hours and the possibility to work part-time in a home office;<\/li>\n\n\n\n<li>Shortened working day from Friday;<\/li>\n\n\n\n<li>Salary EUR 850 per month (gross);<\/li>\n\n\n\n<li>Training and development opportunities;<\/li>\n\n\n\n<li>If necessary, the employer can rent accommodation.<\/li>\n<\/ul>\n\n\n\n<div style=\"height:34px\" aria-hidden=\"true\" class=\"wp-block-spacer\"><\/div>\n\n\n\n<h6 class=\"wp-block-heading\">The following spoke: Head of Social Work Service<\/h6>\n\n\n\n<blockquote class=\"wp-block-quote is-style-plain is-layout-flow wp-block-quote-is-layout-flow is-style-plain--1\">\n<p>\u201cHere you can do work that has real meaning. Our aim is to support every young person and every family to make Valga municipality a safe and thriving place for everyone to live.\u201d<br>- \u00dclla Kimmel, Head of the Social Work Service<\/p>\n<\/blockquote>\n\n\n\n<h6 class=\"wp-block-heading\">If the offer appeals to you, apply now..<\/h6>\n\n\n\n<p>..send your application, CV, letter of motivation and supporting documents by 17 October 2025 at the latest to the following e-mail address valga@valga.ee.<\/p>\n\n\n\n<p><\/p>\n\n\n\n<div style=\"height:29px\" aria-hidden=\"true\" class=\"wp-block-spacer\"><\/div>\n\n\n\n<h6 class=\"wp-block-heading\">More information:<\/h6>\n\n\n\n<p><span class=\"wp-rich-text-font-awesome-icon wp-font-awesome-icon\"><svg aria-hidden=\"true\" focusable=\"false\" data-prefix=\"fas\" data-icon=\"user\" class=\"svg-inline--fa fa-user\" role=\"img\" xmlns=\"http:\/\/www.w3.org\/2000\/svg\" viewbox=\"0 0 448 512\"><path fill=\"currentColor\" d=\"M224 256A128 128 0 1 0 224 0a128 128 0 1 0 0 256zm-45.7 48C79.8 304 0 383.8 0 482.3C0 498.7 13.3 512 29.7 512l388.6 0c16.4 0 29.7-13.3 29.7-29.7C448 383.8 368.2 304 269.7 304l-91.4 0z\"><\/path><\/svg><\/span><strong>\u00dclla Kimmel<\/strong>, Head of Social Work Service<br><span class=\"wp-rich-text-font-awesome-icon wp-font-awesome-icon\"><svg aria-hidden=\"true\" focusable=\"false\" data-prefix=\"fas\" data-icon=\"phone\" class=\"svg-inline--fa fa-phone\" role=\"img\" xmlns=\"http:\/\/www.w3.org\/2000\/svg\" viewbox=\"0 0 512 512\"><path fill=\"currentColor\" d=\"M164.9 24.6c-7.7-18.6-28-28.5-47.4-23.2l-88 24C12.1 30.2 0 46 0 64C0 311.4 200.6 512 448 512c18 0 33.8-12.1 38.6-29.5l24-88c5.3-19.4-4.6-39.7-23.2-47.4l-96-40c-16.3-6.8-35.2-2.1-46.3 11.6L304.7 368C234.3 334.7 177.3 277.7 144 207.3L193.3 167c13.7-11.2 18.4-30 11.6-46.3l-40-96z\"><\/path><\/svg><\/span>5340 1331<br><span class=\"wp-rich-text-font-awesome-icon wp-font-awesome-icon\"><svg aria-hidden=\"true\" focusable=\"false\" data-prefix=\"fas\" data-icon=\"envelope\" class=\"svg-inline--fa fa-envelope\" role=\"img\" xmlns=\"http:\/\/www.w3.org\/2000\/svg\" viewbox=\"0 0 512 512\"><path fill=\"currentColor\" d=\"M48 64C21.5 64 0 85.5 0 112c0 15.1 7.1 29.3 19.2 38.4L236.8 313.6c11.4 8.5 27 8.5 38.4 0L492.8 150.4c12.1-9.1 19.2-23.3 19.2-38.4c0-26.5-21.5-48-48-48L48 64zM0 176L0 384c0 35.3 28.7 64 64 64l384 0c35.3 0 64-28.7 64-64l0-208L294.4 339.2c-22.8 17.1-54 17.1-76.8 0L0 176z\"><\/path><\/svg><\/span><a href=\"mailto:ylla.kimmel@valga.ee\">ylla.kimmel@valga.ee<\/a><\/p>\n\n\n\n<p><\/p>\n\n\n\n<p>See more about Valga Municipality as an employer <a href=\"http:\/\/valga.ee\/en\/tule-toole\/\" data-type=\"link\" data-id=\"valga.ee\/tule-toole\"><strong>valga.ee\/tule-toole<\/strong><\/a> <span class=\"wp-rich-text-font-awesome-icon wp-font-awesome-icon\"><svg aria-hidden=\"true\" focusable=\"false\" data-prefix=\"fas\" data-icon=\"up-right-from-square\" class=\"svg-inline--fa fa-up-right-from-square\" role=\"img\" xmlns=\"http:\/\/www.w3.org\/2000\/svg\" viewbox=\"0 0 512 512\"><path fill=\"currentColor\" d=\"M352 0c-12.9 0-24.6 7.8-29.6 19.8s-2.2 25.7 6.9 34.9L370.7 96 201.4 265.4c-12.5 12.5-12.5 32.8 0 45.3s32.8 12.5 45.3 0L416 141.3l41.4 41.4c9.2 9.2 22.9 11.9 34.9 6.9s19.8-16.6 19.8-29.6l0-128c0-17.7-14.3-32-32-32L352 0zM80 32C35.8 32 0 67.8 0 112L0 432c0 44.2 35.8 80 80 80l320 0c44.2 0 80-35.8 80-80l0-112c0-17.7-14.3-32-32-32s-32 14.3-32 32l0 112c0 8.8-7.2 16-16 16L80 448c-8.8 0-16-7.2-16-16l0-320c0-8.8 7.2-16 16-16l112 0c17.7 0 32-14.3 32-32s-14.3-32-32-32L80 32z\"><\/path><\/svg><\/span><\/p>\n\n\n\n<div style=\"height:100px\" aria-hidden=\"true\" class=\"wp-block-spacer\"><\/div>\n\n\n\n<p><em>NEET<\/em> - English term <em>Not in Education, Employment or Training<\/em>. The term refers to young people aged 15-29 who are not in education, employment or training.<\/p>","protected":false},"excerpt":{"rendered":"<p>Valga Vallavalitsus kutsub liituma oma meeskonnaga t\u00e4htajalise lepinguga sotsiaalt\u00f6\u00f6 teenistusse, et panustada noortegarantii tugis\u00fcsteemi (NGTS) rakendamisse Valga vallas.<\/p>","protected":false},"author":5,"featured_media":6599,"comment_status":"closed","ping_status":"closed","sticky":false,"template":"","format":"standard","meta":{"_EventAllDay":false,"_EventTimezone":"","_EventStartDate":"","_EventEndDate":"","_EventStartDateUTC":"","_EventEndDateUTC":"","_EventShowMap":false,"_EventShowMapLink":false,"_EventURL":"","_EventCost":"","_EventCostDescription":"","_EventCurrencySymbol":"","_EventCurrencyCode":"","_EventCurrencyPosition":"","_EventDateTimeSeparator":"","_EventTimeRangeSeparator":"","_EventOrganizerID":[],"_EventVenueID":[],"_OrganizerEmail":"","_OrganizerPhone":"","_OrganizerWebsite":"","_VenueAddress":"","_VenueCity":"","_VenueCountry":"","_VenueProvince":"","_VenueState":"","_VenueZip":"","_VenuePhone":"","_VenueURL":"","_VenueStateProvince":"","_VenueLat":"","_VenueLng":"","_VenueShowMap":false,"_VenueShowMapLink":false,"slim_seo":{"title":"Noorte heaoluspetsialist (0,5 t\u00f6\u00f6kohta) - Valga vald","description":"Valga Vallavalitsus kutsub liituma oma meeskonnaga t\u00e4htajalise lepinguga sotsiaalt\u00f6\u00f6 teenistusse, et panustada noortegarantii tugis\u00fcsteemi (NGTS) rakendamisse V"},"footnotes":""},"categories":[1],"tags":[],"class_list":["post-6596","post","type-post","status-publish","format-standard","has-post-thumbnail","hentry","category-uudised-ja-teated"],"_links":{"self":[{"href":"https:\/\/valga.ee\/en\/wp-json\/wp\/v2\/posts\/6596","targetHints":{"allow":["GET"]}}],"collection":[{"href":"https:\/\/valga.ee\/en\/wp-json\/wp\/v2\/posts"}],"about":[{"href":"https:\/\/valga.ee\/en\/wp-json\/wp\/v2\/types\/post"}],"author":[{"embeddable":true,"href":"https:\/\/valga.ee\/en\/wp-json\/wp\/v2\/users\/5"}],"replies":[{"embeddable":true,"href":"https:\/\/valga.ee\/en\/wp-json\/wp\/v2\/comments?post=6596"}],"version-history":[{"count":4,"href":"https:\/\/valga.ee\/en\/wp-json\/wp\/v2\/posts\/6596\/revisions"}],"predecessor-version":[{"id":6604,"href":"https:\/\/valga.ee\/en\/wp-json\/wp\/v2\/posts\/6596\/revisions\/6604"}],"wp:featuredmedia":[{"embeddable":true,"href":"https:\/\/valga.ee\/en\/wp-json\/wp\/v2\/media\/6599"}],"wp:attachment":[{"href":"https:\/\/valga.ee\/en\/wp-json\/wp\/v2\/media?parent=6596"}],"wp:term":[{"taxonomy":"category","embeddable":true,"href":"https:\/\/valga.ee\/en\/wp-json\/wp\/v2\/categories?post=6596"},{"taxonomy":"post_tag","embeddable":true,"href":"https:\/\/valga.ee\/en\/wp-json\/wp\/v2\/tags?post=6596"}],"curies":[{"name":"wp","href":"https:\/\/api.w.org\/{rel}","templated":true}]}}