{"id":5451,"date":"2025-09-26T14:14:42","date_gmt":"2025-09-26T11:14:42","guid":{"rendered":"https:\/\/valga.ee\/?p=5451"},"modified":"2026-03-12T11:42:25","modified_gmt":"2026-03-12T09:42:25","slug":"valga-vallavalitsus-toetab-kogukondade-ettevotmisi","status":"publish","type":"post","link":"https:\/\/valga.ee\/en\/valga-vallavalitsus-toetab-kogukondade-ettevotmisi\/","title":{"rendered":"Valga Municipality supports community projects"},"content":{"rendered":"<p>Valga Municipality awarded grants for community development projects<\/p>\n\n\n\n<p>At its meeting on 18 September, the municipality decided to fund eight community development projects submitted by the deadline of 21 August for a total amount of \u20ac5,979.87.<\/p>\n\n\n\n<p>For example, the Friends of the Valga Museum Association received a grant for the project \u201eMarking the Neuland Oak\u201c, which celebrates the 130th anniversary of Alfred Neuland's birth. As part of the project, a commemorative plaque will be unveiled at the oak tree planted by Neuland at P\u00e4rna pst 20, Valga and a commemorative evening will be organised at the Valga Museum.<\/p>\n\n\n\n<p>Support was also given to LC Valga S\u00e4de MT\u00dc, which for the third year in a row is organising a children's mental health conference in November. This year's theme is \u201cThe thread of experience: wisdom that carries through life\u201d. The event will bring together parents, teachers, youth and,<\/p>\n\n\n\n<p>health and social care professionals from all over Estonia to share knowledge and practical skills on how to better support the emotional development of children and young people. A symbolic hook as a tool will be given to the audience.<\/p>\n\n\n\n<p>Thank you to everyone who gives their time and is involved in community development!<\/p>\n\n\n\n<p>The next deadline for community development grant applications is 20 November. Projects must be submitted via the SPOKU application tool, which can be found on the Valga municipality website valga.ee.<\/p>\n\n\n\n<p><br>You can see the funded applications here\u00a0<a href=\"https:\/\/www.valga.ee\/et\/projektitoetus\">valga.ee\/et\/project-support<\/a><br><\/p>\n\n\n\n<p>Photo: LC Valga S\u00e4de<\/p>\n\n\n\n<p><\/p>","protected":false},"excerpt":{"rendered":"<p>Valga Vallavalitsus eraldas toetust kogukonna arengu projektidele Vallavalitsuse 18. septembri istungil otsustati t\u00e4htp\u00e4evaga 21. august laekunud kaheksa kogukonna arendamiseks esitatud projektide rahastamine kogusummas 5979,87 eurot. N\u00e4iteks Valga Muuseumis\u00f5prade Selts sai [&hellip;]<\/p>\n","protected":false},"author":5,"featured_media":5453,"comment_status":"closed","ping_status":"closed","sticky":false,"template":"","format":"standard","meta":{"_EventAllDay":false,"_EventTimezone":"","_EventStartDate":"","_EventEndDate":"","_EventStartDateUTC":"","_EventEndDateUTC":"","_EventShowMap":false,"_EventShowMapLink":false,"_EventURL":"","_EventCost":"","_EventCostDescription":"","_EventCurrencySymbol":"","_EventCurrencyCode":"","_EventCurrencyPosition":"","_EventDateTimeSeparator":"","_EventTimeRangeSeparator":"","_EventOrganizerID":[],"_EventVenueID":[],"_OrganizerEmail":"","_OrganizerPhone":"","_OrganizerWebsite":"","_VenueAddress":"","_VenueCity":"","_VenueCountry":"","_VenueProvince":"","_VenueState":"","_VenueZip":"","_VenuePhone":"","_VenueURL":"","_VenueStateProvince":"","_VenueLat":"","_VenueLng":"","_VenueShowMap":false,"_VenueShowMapLink":false,"slim_seo":{"title":"Valga Vallavalitsus toetab kogukondade ettev\u00f5tmisi - Valga vald","description":"Valga Vallavalitsus eraldas toetust kogukonna arengu projektidele Vallavalitsuse 18. septembri istungil otsustati t\u00e4htp\u00e4evaga 21. august laekunud kaheksa koguko"},"footnotes":""},"categories":[1],"tags":[],"class_list":["post-5451","post","type-post","status-publish","format-standard","has-post-thumbnail","hentry","category-uudised-ja-teated"],"_links":{"self":[{"href":"https:\/\/valga.ee\/en\/wp-json\/wp\/v2\/posts\/5451","targetHints":{"allow":["GET"]}}],"collection":[{"href":"https:\/\/valga.ee\/en\/wp-json\/wp\/v2\/posts"}],"about":[{"href":"https:\/\/valga.ee\/en\/wp-json\/wp\/v2\/types\/post"}],"author":[{"embeddable":true,"href":"https:\/\/valga.ee\/en\/wp-json\/wp\/v2\/users\/5"}],"replies":[{"embeddable":true,"href":"https:\/\/valga.ee\/en\/wp-json\/wp\/v2\/comments?post=5451"}],"version-history":[{"count":2,"href":"https:\/\/valga.ee\/en\/wp-json\/wp\/v2\/posts\/5451\/revisions"}],"predecessor-version":[{"id":5457,"href":"https:\/\/valga.ee\/en\/wp-json\/wp\/v2\/posts\/5451\/revisions\/5457"}],"wp:featuredmedia":[{"embeddable":true,"href":"https:\/\/valga.ee\/en\/wp-json\/wp\/v2\/media\/5453"}],"wp:attachment":[{"href":"https:\/\/valga.ee\/en\/wp-json\/wp\/v2\/media?parent=5451"}],"wp:term":[{"taxonomy":"category","embeddable":true,"href":"https:\/\/valga.ee\/en\/wp-json\/wp\/v2\/categories?post=5451"},{"taxonomy":"post_tag","embeddable":true,"href":"https:\/\/valga.ee\/en\/wp-json\/wp\/v2\/tags?post=5451"}],"curies":[{"name":"wp","href":"https:\/\/api.w.org\/{rel}","templated":true}]}}