{"id":5448,"date":"2025-09-26T14:13:03","date_gmt":"2025-09-26T11:13:03","guid":{"rendered":"https:\/\/valga.ee\/?p=5448"},"modified":"2026-03-12T11:42:25","modified_gmt":"2026-03-12T09:42:25","slug":"valga-vallavalitsus-otsustas-kultuuriprojektide-toetused","status":"publish","type":"post","link":"https:\/\/valga.ee\/en\/valga-vallavalitsus-otsustas-kultuuriprojektide-toetused\/","title":{"rendered":"Valga municipality decides on grants for cultural projects"},"content":{"rendered":"<p>Valga Municipality decided at its meeting on 18 September to approve grants for cultural projects submitted by 21 August 2025. A total of \u20ac8268 in cultural grants were awarded to non-profit organisations. The largest number of grants was awarded to projects in the Valga region. Grants were awarded for the organisation of the 26th edition of \u201cDance is the Future\u201d, an event promoting traditional dance culture, for the production of the children's play \u201eHow the King fell on the Moon\u201c, for the organisation of a music night organised by Carma Motoklub and for the production of the musical \u201eMamma Mia\u201c with the KunglaSenior troupe. In the T\u00f5lliste region, a grant was awarded to Filmilubi Duubel 2 for the organisation of the music festival \u201eNEOONREIV 2026\u201c. In the Karula region, a grant was awarded to organise a Christmas event and to celebrate the 20th anniversary of the dance group \u201eMeie Memmed\u201c.<\/p>\n\n\n\n<p>Valga Municipality would like to thank the project leaders and wishes everyone a great cultural experience!<\/p>","protected":false},"excerpt":{"rendered":"<p>Valga Vallavalitsus otsustas oma 18. septembri istungil kinnitada t\u00e4htp\u00e4evaga 21. august 2025 esitatud kultuuriprojektidele toetused. Kokku jagati mittetulundus\u00fchingutele kultuurivaldkonna toetusi v\u00e4lja 8268 eurot. K\u00f5ige enam toetati seekord Valga piirkonna projekte. [&hellip;]<\/p>\n","protected":false},"author":5,"featured_media":5449,"comment_status":"closed","ping_status":"closed","sticky":false,"template":"","format":"standard","meta":{"_EventAllDay":false,"_EventTimezone":"","_EventStartDate":"","_EventEndDate":"","_EventStartDateUTC":"","_EventEndDateUTC":"","_EventShowMap":false,"_EventShowMapLink":false,"_EventURL":"","_EventCost":"","_EventCostDescription":"","_EventCurrencySymbol":"","_EventCurrencyCode":"","_EventCurrencyPosition":"","_EventDateTimeSeparator":"","_EventTimeRangeSeparator":"","_EventOrganizerID":[],"_EventVenueID":[],"_OrganizerEmail":"","_OrganizerPhone":"","_OrganizerWebsite":"","_VenueAddress":"","_VenueCity":"","_VenueCountry":"","_VenueProvince":"","_VenueState":"","_VenueZip":"","_VenuePhone":"","_VenueURL":"","_VenueStateProvince":"","_VenueLat":"","_VenueLng":"","_VenueShowMap":false,"_VenueShowMapLink":false,"slim_seo":{"title":"Valga Vallavalitsus otsustas kultuuriprojektide toetused - Valga vald","description":"Valga Vallavalitsus otsustas oma 18. septembri istungil kinnitada t\u00e4htp\u00e4evaga 21. august 2025 esitatud kultuuriprojektidele toetused. Kokku jagati mittetulundus"},"footnotes":""},"categories":[1],"tags":[],"class_list":["post-5448","post","type-post","status-publish","format-standard","has-post-thumbnail","hentry","category-uudised-ja-teated"],"_links":{"self":[{"href":"https:\/\/valga.ee\/en\/wp-json\/wp\/v2\/posts\/5448","targetHints":{"allow":["GET"]}}],"collection":[{"href":"https:\/\/valga.ee\/en\/wp-json\/wp\/v2\/posts"}],"about":[{"href":"https:\/\/valga.ee\/en\/wp-json\/wp\/v2\/types\/post"}],"author":[{"embeddable":true,"href":"https:\/\/valga.ee\/en\/wp-json\/wp\/v2\/users\/5"}],"replies":[{"embeddable":true,"href":"https:\/\/valga.ee\/en\/wp-json\/wp\/v2\/comments?post=5448"}],"version-history":[{"count":1,"href":"https:\/\/valga.ee\/en\/wp-json\/wp\/v2\/posts\/5448\/revisions"}],"predecessor-version":[{"id":5450,"href":"https:\/\/valga.ee\/en\/wp-json\/wp\/v2\/posts\/5448\/revisions\/5450"}],"wp:featuredmedia":[{"embeddable":true,"href":"https:\/\/valga.ee\/en\/wp-json\/wp\/v2\/media\/5449"}],"wp:attachment":[{"href":"https:\/\/valga.ee\/en\/wp-json\/wp\/v2\/media?parent=5448"}],"wp:term":[{"taxonomy":"category","embeddable":true,"href":"https:\/\/valga.ee\/en\/wp-json\/wp\/v2\/categories?post=5448"},{"taxonomy":"post_tag","embeddable":true,"href":"https:\/\/valga.ee\/en\/wp-json\/wp\/v2\/tags?post=5448"}],"curies":[{"name":"wp","href":"https:\/\/api.w.org\/{rel}","templated":true}]}}